{"id":1300,"date":"2024-06-26T14:23:39","date_gmt":"2024-06-26T12:23:39","guid":{"rendered":"https:\/\/hotelmorettina.ch\/valle-verzasca-et-valle-maggia\/"},"modified":"2024-07-01T09:33:24","modified_gmt":"2024-07-01T07:33:24","slug":"valle-verzasca-et-valle-maggia","status":"publish","type":"post","link":"https:\/\/hotelmorettina.ch\/fr\/valle-verzasca-et-valle-maggia\/","title":{"rendered":"Valle Verzasca et Valle Maggia"},"content":{"rendered":"<div class=\"fusion-fullwidth fullwidth-box fusion-builder-row-1 fusion-flex-container nonhundred-percent-fullwidth non-hundred-percent-height-scrolling\" style=\"--awb-border-radius-top-left:0px;--awb-border-radius-top-right:0px;--awb-border-radius-bottom-right:0px;--awb-border-radius-bottom-left:0px;--awb-flex-wrap:wrap;\" ><div class=\"fusion-builder-row fusion-row fusion-flex-align-items-flex-start fusion-flex-content-wrap\" style=\"max-width:1196px;margin-left: calc(-4% \/ 2 );margin-right: calc(-4% \/ 2 );\"><div class=\"fusion-layout-column fusion_builder_column fusion-builder-column-0 fusion_builder_column_1_1 1_1 fusion-flex-column\" style=\"--awb-bg-size:cover;--awb-width-large:100%;--awb-margin-top-large:0px;--awb-spacing-right-large:1.92%;--awb-margin-bottom-large:0px;--awb-spacing-left-large:1.92%;--awb-width-medium:100%;--awb-spacing-right-medium:1.92%;--awb-spacing-left-medium:1.92%;--awb-width-small:100%;--awb-spacing-right-small:1.92%;--awb-spacing-left-small:1.92%;\"><div class=\"fusion-column-wrapper fusion-flex-justify-content-flex-start fusion-content-layout-column\"><div class=\"fusion-text fusion-text-1\"><p>Une excursion dans la Vall\u00e9e Verzasca et la Vall\u00e9e Maggia est un incontournable pour les amoureux de la nature. La Vall\u00e9e Verzasca impressionne par sa rivi\u00e8re turquoise qui traverse des villages pittoresques et passe sous de vieux ponts de pierre. Visitez le c\u00e9l\u00e8bre pont romain \u00e0 Lavertezzo et profitez d&rsquo;un bain rafra\u00eechissant dans les eaux claires. Dans la Vall\u00e9e Maggia, vous d\u00e9couvrirez une combinaison fascinante de paysages sauvages et de villages charmants. Explorez les nombreux sentiers de randonn\u00e9e qui m\u00e8nent \u00e0 des cascades, des gorges et des prairies alpines. Ces deux vall\u00e9es offrent des exp\u00e9riences naturelles incomparables et sont id\u00e9ales pour une journ\u00e9e d&rsquo;aventure et de d\u00e9tente.<\/p>\n<\/div><\/div><\/div><\/div><\/div>\n","protected":false},"excerpt":{"rendered":"","protected":false},"author":1,"featured_media":1552,"comment_status":"open","ping_status":"open","sticky":false,"template":"","format":"standard","meta":{"_acf_changed":false,"footnotes":""},"categories":[43],"tags":[],"class_list":["post-1300","post","type-post","status-publish","format-standard","has-post-thumbnail","hentry","category-decouvrir"],"acf":[],"_links":{"self":[{"href":"https:\/\/hotelmorettina.ch\/fr\/wp-json\/wp\/v2\/posts\/1300","targetHints":{"allow":["GET"]}}],"collection":[{"href":"https:\/\/hotelmorettina.ch\/fr\/wp-json\/wp\/v2\/posts"}],"about":[{"href":"https:\/\/hotelmorettina.ch\/fr\/wp-json\/wp\/v2\/types\/post"}],"author":[{"embeddable":true,"href":"https:\/\/hotelmorettina.ch\/fr\/wp-json\/wp\/v2\/users\/1"}],"replies":[{"embeddable":true,"href":"https:\/\/hotelmorettina.ch\/fr\/wp-json\/wp\/v2\/comments?post=1300"}],"version-history":[{"count":4,"href":"https:\/\/hotelmorettina.ch\/fr\/wp-json\/wp\/v2\/posts\/1300\/revisions"}],"predecessor-version":[{"id":1556,"href":"https:\/\/hotelmorettina.ch\/fr\/wp-json\/wp\/v2\/posts\/1300\/revisions\/1556"}],"wp:featuredmedia":[{"embeddable":true,"href":"https:\/\/hotelmorettina.ch\/fr\/wp-json\/wp\/v2\/media\/1552"}],"wp:attachment":[{"href":"https:\/\/hotelmorettina.ch\/fr\/wp-json\/wp\/v2\/media?parent=1300"}],"wp:term":[{"taxonomy":"category","embeddable":true,"href":"https:\/\/hotelmorettina.ch\/fr\/wp-json\/wp\/v2\/categories?post=1300"},{"taxonomy":"post_tag","embeddable":true,"href":"https:\/\/hotelmorettina.ch\/fr\/wp-json\/wp\/v2\/tags?post=1300"}],"curies":[{"name":"wp","href":"https:\/\/api.w.org\/{rel}","templated":true}]}}